{"id":626,"date":"2020-09-15T17:51:08","date_gmt":"2020-09-15T17:51:08","guid":{"rendered":"http:\/\/carlosferridrc.com\/?p=626"},"modified":"2020-09-15T17:51:11","modified_gmt":"2020-09-15T17:51:11","slug":"5-consejos-para-crecer-en-tu-profesion","status":"publish","type":"post","link":"https:\/\/carlosferridrc.com\/?p=626","title":{"rendered":"5 Consejos para crecer en tu Profesion"},"content":{"rendered":"\n<p>El t\u00e9rmino\u00a0<strong>profesi\u00f3n<\/strong>\u00a0(del\u00a0<a href=\"https:\/\/es.wikipedia.org\/wiki\/Idioma_lat%C3%ADn\">lat\u00edn<\/a>\u00a0<em>professio, -\u014dnis<\/em>)<sup><a href=\"https:\/\/es.wikipedia.org\/wiki\/Profesi%C3%B3n#cite_note-1\">1<\/a><\/sup>\u200b designa el\u00a0<a href=\"https:\/\/es.wikipedia.org\/wiki\/Oficio_(profesi%C3%B3n)\">oficio<\/a>, empleo u ocupaci\u00f3n que se ejerce a cambio de una\u00a0<a href=\"https:\/\/es.wikipedia.org\/wiki\/Retribuci%C3%B3n\">retribuci\u00f3n<\/a>. Igualmente, define el conjunto de profesionales que la ejercen. La actividad profesional requiere\u00a0<a href=\"https:\/\/es.wikipedia.org\/wiki\/Especializaci%C3%B3n\">conocimiento especializado<\/a>,\u00a0<a href=\"https:\/\/es.wikipedia.org\/wiki\/Formaci%C3%B3n_profesional\">formaci\u00f3n profesional<\/a>\u00a0(capacitaci\u00f3n educativa de diferente nivel &#8211;<a href=\"https:\/\/es.wikipedia.org\/wiki\/Ense%C3%B1anza_b%C3%A1sica\">b\u00e1sica<\/a>,<sup><a href=\"https:\/\/es.wikipedia.org\/wiki\/Profesi%C3%B3n#cite_note-2\">2<\/a><\/sup>\u200b\u00a0<a href=\"https:\/\/es.wikipedia.org\/wiki\/Ense%C3%B1anza_media\">media<\/a>\u00a0o\u00a0<a href=\"https:\/\/es.wikipedia.org\/wiki\/Educaci%C3%B3n_superior\">superior<\/a>-, seg\u00fan cada caso), control sobre el contenido del trabajo y organizaci\u00f3n propia mediante\u00a0<a href=\"https:\/\/es.wikipedia.org\/wiki\/Colegios_profesionales\">colegios profesionales<\/a>,\u00a0<a href=\"https:\/\/es.wikipedia.org\/wiki\/Sindicato\">sindicatos<\/a>\u00a0o\u00a0<a href=\"https:\/\/es.wikipedia.org\/wiki\/Gremio\">gremios<\/a>), adem\u00e1s de normas \u00e9ticas (<a href=\"https:\/\/es.wikipedia.org\/wiki\/Deontolog%C3%ADa_profesional\">deontolog\u00eda profesional<\/a>) y un cierto esp\u00edritu de\u00a0<a href=\"https:\/\/es.wikipedia.org\/w\/index.php?title=Servicio_a_la_comunidad&amp;action=edit&amp;redlink=1\">servicio a la comunidad<\/a>\u00a0(<a href=\"https:\/\/es.wikipedia.org\/wiki\/Altruismo\">altruismo<\/a>). El significado del t\u00e9rmino toma su uso como sin\u00f3nimo de los\u00a0<a href=\"https:\/\/es.wikipedia.org\/w\/index.php?title=Oficios_tradicionales&amp;action=edit&amp;redlink=1\">oficios tradicionales<\/a>, denominaci\u00f3n natural hasta mediados del\u00a0<a href=\"https:\/\/es.wikipedia.org\/wiki\/Siglo_XIX\">siglo XIX<\/a>. Se ha generado, asimismo, el t\u00e9rmino\u00a0<strong>profesional<\/strong>, para definir a la persona que la realiza.<\/p>\n","protected":false},"excerpt":{"rendered":"<p>El t\u00e9rmino\u00a0profesi\u00f3n\u00a0(del\u00a0lat\u00edn\u00a0professio, -\u014dnis)1\u200b designa el\u00a0oficio, empleo u ocupaci\u00f3n que se ejerce a cambio de una\u00a0retribuci\u00f3n. Igualmente, define el conjunto de profesionales que la ejercen. La actividad profesional requiere\u00a0conocimiento especializado,\u00a0formaci\u00f3n profesional\u00a0(capacitaci\u00f3n educativa de diferente nivel &#8211;b\u00e1sica,2\u200b\u00a0media\u00a0o\u00a0superior-, seg\u00fan cada caso), control sobre el contenido del trabajo y organizaci\u00f3n propia mediante\u00a0colegios profesionales,\u00a0sindicatos\u00a0o\u00a0gremios), adem\u00e1s de normas \u00e9ticas (deontolog\u00eda profesional) &hellip;<\/p>\n<p class=\"read-more\"> <a class=\"\" href=\"https:\/\/carlosferridrc.com\/?p=626\"> <span class=\"screen-reader-text\">5 Consejos para crecer en tu Profesion<\/span> Read More &raquo;<\/a><\/p>\n","protected":false},"author":1,"featured_media":628,"comment_status":"open","ping_status":"open","sticky":false,"template":"","format":"standard","meta":[],"categories":[1],"tags":[],"jetpack_featured_media_url":"https:\/\/carlosferridrc.com\/wp-content\/uploads\/2020\/09\/post-2.jpg","_links":{"self":[{"href":"https:\/\/carlosferridrc.com\/index.php?rest_route=\/wp\/v2\/posts\/626"}],"collection":[{"href":"https:\/\/carlosferridrc.com\/index.php?rest_route=\/wp\/v2\/posts"}],"about":[{"href":"https:\/\/carlosferridrc.com\/index.php?rest_route=\/wp\/v2\/types\/post"}],"author":[{"embeddable":true,"href":"https:\/\/carlosferridrc.com\/index.php?rest_route=\/wp\/v2\/users\/1"}],"replies":[{"embeddable":true,"href":"https:\/\/carlosferridrc.com\/index.php?rest_route=%2Fwp%2Fv2%2Fcomments&post=626"}],"version-history":[{"count":1,"href":"https:\/\/carlosferridrc.com\/index.php?rest_route=\/wp\/v2\/posts\/626\/revisions"}],"predecessor-version":[{"id":629,"href":"https:\/\/carlosferridrc.com\/index.php?rest_route=\/wp\/v2\/posts\/626\/revisions\/629"}],"wp:featuredmedia":[{"embeddable":true,"href":"https:\/\/carlosferridrc.com\/index.php?rest_route=\/wp\/v2\/media\/628"}],"wp:attachment":[{"href":"https:\/\/carlosferridrc.com\/index.php?rest_route=%2Fwp%2Fv2%2Fmedia&parent=626"}],"wp:term":[{"taxonomy":"category","embeddable":true,"href":"https:\/\/carlosferridrc.com\/index.php?rest_route=%2Fwp%2Fv2%2Fcategories&post=626"},{"taxonomy":"post_tag","embeddable":true,"href":"https:\/\/carlosferridrc.com\/index.php?rest_route=%2Fwp%2Fv2%2Ftags&post=626"}],"curies":[{"name":"wp","href":"https:\/\/api.w.org\/{rel}","templated":true}]}}